{"id":39593,"date":"2023-05-08T11:54:00","date_gmt":"2023-05-08T15:54:00","guid":{"rendered":"https:\/\/dundeetechnologies.agencearobas.ca\/news\/dtd-annonce-des-changements-au-sein-de-son-conseil-administration\/"},"modified":"2023-05-08T11:54:00","modified_gmt":"2023-05-08T15:54:00","slug":"dtd-annonce-des-changements-au-sein-de-son-conseil-administration","status":"publish","type":"news","link":"https:\/\/dundeetechnologies.com\/fr\/nouvelles\/dtd-annonce-des-changements-au-sein-de-son-conseil-administration\/","title":{"rendered":"DTD annonce des changements au sein de son conseil d&rsquo;administration"},"content":{"rendered":"<p style=\"text-align: justify;\"><span style=\"font-size:18px;\"><span style=\"font-family:arial,helvetica,sans-serif;\">MONTR\u00c9AL, QU\u00c9BEC, le 8 mai 2023 &#8211; Dundee Technologies Durables inc. (\u00a0\u00bb <strong>DTD<\/strong> \u00a0\u00bb ou la \u00a0\u00bb <strong>Soci\u00e9t\u00e9<\/strong> \u00ab\u00a0) (CSE : DST) annonce la d\u00e9mission de M. David Lemieux de son conseil d&rsquo;administration. M. Lemieux \u00e9tait un membre actif du conseil depuis le 21 juin 2021. Son d\u00e9part repr\u00e9sente la derni\u00e8re \u00e9tape de la transition de la soci\u00e9t\u00e9 depuis sa d\u00e9mission \u00e0 titre de chef de la direction le 30 septembre 2022.<\/span><\/span><\/p>\n<p style=\"text-align: justify;\"><span style=\"font-size:18px;\"><span style=\"font-family:arial,helvetica,sans-serif;\">M. Mai, pr\u00e9sident et chef de la direction de DTD, a d\u00e9clar\u00e9 : \u00ab\u00a0Nous appr\u00e9cions les nombreuses contributions de David \u00e0 DTD au fil des ans et le leadership dont il a fait preuve pendant son mandat de chef de la direction. Le conseil d&rsquo;administration et la direction lui souhaitent beaucoup de succ\u00e8s dans ses projets futurs.\u00a0\u00bb<\/span><\/span><\/p>\n<p style=\"text-align: justify;\"><span style=\"font-size:18px;\"><span style=\"font-family:arial,helvetica,sans-serif;\"><strong>Nomination au conseil d&rsquo;administration<\/strong><\/span><\/span><\/p>\n<p style=\"text-align: justify;\"><span style=\"font-size:18px;\"><span style=\"font-family:arial,helvetica,sans-serif;\">La soci\u00e9t\u00e9 nomme \u00e9galement M. Jean-Philippe Mai au conseil d&rsquo;administration pour combler la vacance cr\u00e9\u00e9e par le d\u00e9part de M. Lemieux. M. Mai agit \u00e0 titre de pr\u00e9sident et chef de la direction de DST depuis le 1er octobre 2022. Suite \u00e0 cette nomination, le Conseil d&rsquo;administration est compos\u00e9 de Messieurs Jean-Philippe Mai, Robert Sellars et Mario Jacob (Pr\u00e9sident). MM. Sellars et Jacob sont ind\u00e9pendants.<\/span><\/span><\/p>\n<p style=\"text-align: justify;\"><span style=\"font-size:18px;\"><span style=\"font-family:arial,helvetica,sans-serif;\"><strong>\u00c0 propos de Dundee Technologies Durables, une soci\u00e9t\u00e9 contr\u00f4l\u00e9e par Dundee Corporation <\/strong><\/span><\/span><\/p>\n<p style=\"text-align: justify;\"><span style=\"font-size:18px;\"><span style=\"font-family:arial,helvetica,sans-serif;\">La soci\u00e9t\u00e9 est engag\u00e9e dans le d\u00e9veloppement et la commercialisation de technologies respectueuses de l&rsquo;environnement pour le traitement des mat\u00e9riaux dans l&rsquo;industrie mini\u00e8re. Gr\u00e2ce au d\u00e9veloppement de proc\u00e9d\u00e9s brevet\u00e9s et exclusifs, DTD extrait des m\u00e9taux pr\u00e9cieux et des m\u00e9taux de base de mat\u00e9riaux min\u00e9ralis\u00e9s, de concentr\u00e9s et de r\u00e9sidus, tout en stabilisant des contaminants tels que l&rsquo;arsenic, qui ne pourraient pas \u00eatre extraits ou stabilis\u00e9s par des proc\u00e9d\u00e9s conventionnels en raison de probl\u00e8mes m\u00e9tallurgiques ou de consid\u00e9rations environnementales.<\/span><\/span><\/p>\n<p style=\"text-align: justify;\"><span style=\"font-size:18px;\"><span style=\"font-family:arial,helvetica,sans-serif;\">DTD a d\u00e9pos\u00e9, publi\u00e9 et obtenu des brevets pour le GlassLock Process\u2122 et le CLEVR Process\u2122 dans de nombreux pays.<\/span><\/span><\/p>\n<p style=\"text-align: justify;\"><span style=\"font-size:18px;\"><span style=\"font-family:arial,helvetica,sans-serif;\"><strong>POUR PLUS D&rsquo;INFORMATIONS, VEUILLEZ CONTACTER<\/strong><\/span><\/span><\/p>\n<p style=\"text-align: justify;\"><span style=\"font-size:18px;\"><span style=\"font-family:arial,helvetica,sans-serif;\">Monsieur Jean-Philippe Mai<\/span><\/span><\/p>\n<p style=\"text-align: justify;\"><span style=\"font-size:18px;\"><span style=\"font-family:arial,helvetica,sans-serif;\">Pr\u00e9sident et chef de la direction<\/span><\/span><\/p>\n<p style=\"text-align: justify;\"><span style=\"font-size:18px;\"><span style=\"font-family:arial,helvetica,sans-serif;\">Dundee Technologies Durables inc.<\/span><\/span><\/p>\n<p style=\"text-align: justify;\"><span style=\"font-size:18px;\"><span style=\"font-family:arial,helvetica,sans-serif;\">T\u00e9l. : (418) 866-6001 # 228<\/span><\/span><\/p>\n<p style=\"text-align: justify;\"><span style=\"font-size:18px;\"><span style=\"font-family:arial,helvetica,sans-serif;\"><a href=\"mailto:info@dundeetechnologies.com\">info@dundeetechnologies.com<\/a><\/span><\/span><\/p>\n<p style=\"text-align: justify;\"><span style=\"font-size:16px;\"><span style=\"font-family:arial,helvetica,sans-serif;\">\u00c9NONC\u00c9S PROSPECTIFS: Le pr\u00e9sent communiqu\u00e9 de presse contient des \u00e9nonc\u00e9s prospectifs qui traitent de conditions et d&rsquo;\u00e9v\u00e9nements futurs, lesquels sont assujettis \u00e0 divers risques et incertitudes. Les r\u00e9sultats r\u00e9els pourraient diff\u00e9rer mat\u00e9riellement de ceux anticip\u00e9s dans ces \u00e9nonc\u00e9s prospectifs en raison de nombreux facteurs, dont certains peuvent \u00eatre hors du contr\u00f4le de la Soci\u00e9t\u00e9. Ces facteurs comprennent les conditions g\u00e9n\u00e9rales du march\u00e9 et de l&rsquo;industrie, les risques li\u00e9s aux op\u00e9rations continues et \u00e0 la commercialisation de nouvelles technologies, ainsi que d&rsquo;autres risques divulgu\u00e9s dans les documents d\u00e9pos\u00e9s par la soci\u00e9t\u00e9 aupr\u00e8s des autorit\u00e9s canadiennes de r\u00e9glementation des valeurs mobili\u00e8res.<\/span><\/span><\/p>\n<p style=\"text-align: justify;\"><span style=\"font-size:16px;\"><span style=\"font-family:arial,helvetica,sans-serif;\">Les d\u00e9clarations prospectives sont fond\u00e9es sur les attentes et les opinions de la direction de la soci\u00e9t\u00e9 \u00e0 la date \u00e0 laquelle elles ont \u00e9t\u00e9 faites. Les hypoth\u00e8ses utilis\u00e9es dans la pr\u00e9paration de ces d\u00e9clarations, bien que consid\u00e9r\u00e9es comme raisonnables au moment de la pr\u00e9paration, peuvent s&rsquo;av\u00e9rer impr\u00e9cises et, par cons\u00e9quent, il convient de ne pas accorder une confiance excessive aux d\u00e9clarations prospectives. La soci\u00e9t\u00e9 d\u00e9cline express\u00e9ment toute intention ou obligation d&rsquo;actualiser ou de r\u00e9viser les d\u00e9clarations prospectives, que ce soit \u00e0 la suite de nouvelles informations, d&rsquo;\u00e9v\u00e9nements futurs ou autres, sauf si la loi applicable l&rsquo;exige.<\/span><\/span><\/p>\n<p style=\"text-align: justify;\"><span style=\"font-size:16px;\"><span style=\"font-family:arial,helvetica,sans-serif;\"><em>Ni le CST ni son fournisseur de services de r\u00e9gulation (tel que ce terme est d\u00e9fini dans les politiques du CST) n&rsquo;acceptent la responsabilit\u00e9 de l&rsquo;ad\u00e9quation ou de l&rsquo;exactitude de ce communiqu\u00e9.<\/em><\/span><\/span><\/p>\n","protected":false},"featured_media":0,"menu_order":1181900,"template":"","class_list":["post-39593","news","type-news","status-publish","hentry"],"acf":[],"_links":{"self":[{"href":"https:\/\/dundeetechnologies.com\/fr\/wp-json\/wp\/v2\/news\/39593","targetHints":{"allow":["GET"]}}],"collection":[{"href":"https:\/\/dundeetechnologies.com\/fr\/wp-json\/wp\/v2\/news"}],"about":[{"href":"https:\/\/dundeetechnologies.com\/fr\/wp-json\/wp\/v2\/types\/news"}],"wp:attachment":[{"href":"https:\/\/dundeetechnologies.com\/fr\/wp-json\/wp\/v2\/media?parent=39593"}],"curies":[{"name":"wp","href":"https:\/\/api.w.org\/{rel}","templated":true}]}}